{"id":8801,"date":"2025-06-04T07:24:51","date_gmt":"2025-06-04T07:24:51","guid":{"rendered":"https:\/\/inserty.com\/?p=8801"},"modified":"2026-04-22T13:15:21","modified_gmt":"2026-04-22T12:15:21","slug":"espanya-hub-digital-centres-dades-infraestructura-dcdconnect-madrid-2025","status":"publish","type":"post","link":"https:\/\/inserty.com\/ca\/espanya-hub-digital-centres-dades-infraestructura-dcdconnect-madrid-2025\/","title":{"rendered":"Espanya com a Hub Digital: el que tota empresa ha de saber despr\u00e9s del DCD > Connect Madrid 2025"},"content":{"rendered":"\t\t<div data-elementor-type=\"wp-post\" data-elementor-id=\"8801\" class=\"elementor elementor-8801\" data-elementor-post-type=\"post\">\n\t\t\t\t\t\t<section class=\"elementor-section elementor-top-section elementor-element elementor-element-6bf3464 elementor-section-boxed elementor-section-height-default elementor-section-height-default\" data-id=\"6bf3464\" data-element_type=\"section\" data-e-type=\"section\">\n\t\t\t\t\t\t<div class=\"elementor-container elementor-column-gap-default\">\n\t\t\t\t\t<div class=\"elementor-column elementor-col-100 elementor-top-column elementor-element elementor-element-ce7a48e\" data-id=\"ce7a48e\" data-element_type=\"column\" data-e-type=\"column\">\n\t\t\t<div class=\"elementor-widget-wrap elementor-element-populated\">\n\t\t\t\t\t\t<div class=\"elementor-element elementor-element-4afd3de elementor-widget elementor-widget-heading\" data-id=\"4afd3de\" data-element_type=\"widget\" data-e-type=\"widget\" data-widget_type=\"heading.default\">\n\t\t\t\t<div class=\"elementor-widget-container\">\n\t\t\t\t\t<h2 class=\"elementor-heading-title elementor-size-default\">La vostra infraestructura tecnol\u00f2gica est\u00e0 preparada per a l\u2019auge d\u2019Espanya com a Hub Digital de Centres de Dades?<\/h2>\t\t\t\t<\/div>\n\t\t\t\t<\/div>\n\t\t\t\t<div class=\"elementor-element elementor-element-ea4753a elementor-widget elementor-widget-text-editor\" data-id=\"ea4753a\" data-element_type=\"widget\" data-e-type=\"widget\" data-widget_type=\"text-editor.default\">\n\t\t\t\t<div class=\"elementor-widget-container\">\n\t\t\t\t\t\t\t\t\t<p>\u00a0<\/p><p data-start=\"421\" data-end=\"796\">L&#8217;acceleraci\u00f3 tecnol\u00f2gica est\u00e0 redefinint les regles del joc empresarial. Durant el<a href=\"https:\/\/www.datacenterdynamics.com\/en\/\" target=\"_blank\" rel=\"noopener\"> DCD&gt;Connect Madrid 2025<\/a>, va quedar clara una realitat: <strong data-start=\"565\" data-end=\"635\">Espanya es consolida com a hub digital i l\u00edder en centres de dades<\/strong> a Europa. Un fenomen que, lluny de ser una tend\u00e8ncia futura, ja <strong data-start=\"700\" data-end=\"758\">impacta en les decisions d&#8217;infraestructura tecnol\u00f2gica<\/strong> que han de prendre avui les empreses.<\/p>\t\t\t\t\t\t\t\t<\/div>\n\t\t\t\t<\/div>\n\t\t\t\t\t<\/div>\n\t\t<\/div>\n\t\t\t\t\t<\/div>\n\t\t<\/section>\n\t\t\t\t<section class=\"elementor-section elementor-top-section elementor-element elementor-element-97fd2a9 elementor-section-boxed elementor-section-height-default elementor-section-height-default\" data-id=\"97fd2a9\" data-element_type=\"section\" data-e-type=\"section\">\n\t\t\t\t\t\t<div class=\"elementor-container elementor-column-gap-default\">\n\t\t\t\t\t<div class=\"elementor-column elementor-col-100 elementor-top-column elementor-element elementor-element-93bdfb1\" data-id=\"93bdfb1\" data-element_type=\"column\" data-e-type=\"column\">\n\t\t\t<div class=\"elementor-widget-wrap elementor-element-populated\">\n\t\t\t\t\t\t<div class=\"elementor-element elementor-element-eea4f4d elementor-widget elementor-widget-heading\" data-id=\"eea4f4d\" data-element_type=\"widget\" data-e-type=\"widget\" data-widget_type=\"heading.default\">\n\t\t\t\t<div class=\"elementor-widget-container\">\n\t\t\t\t\t<h2 class=\"elementor-heading-title elementor-size-default\">El risc de quedar-se enrere en la cursa cap al Hub Digital<\/h2>\t\t\t\t<\/div>\n\t\t\t\t<\/div>\n\t\t\t\t\t<\/div>\n\t\t<\/div>\n\t\t\t\t\t<\/div>\n\t\t<\/section>\n\t\t\t\t<section class=\"elementor-section elementor-top-section elementor-element elementor-element-bff7c6d elementor-section-boxed elementor-section-height-default elementor-section-height-default\" data-id=\"bff7c6d\" data-element_type=\"section\" data-e-type=\"section\">\n\t\t\t\t\t\t<div class=\"elementor-container elementor-column-gap-default\">\n\t\t\t\t\t<div class=\"elementor-column elementor-col-100 elementor-top-column elementor-element elementor-element-356bfd9\" data-id=\"356bfd9\" data-element_type=\"column\" data-e-type=\"column\">\n\t\t\t<div class=\"elementor-widget-wrap elementor-element-populated\">\n\t\t\t\t\t\t<div class=\"elementor-element elementor-element-d2a6617 elementor-widget elementor-widget-text-editor\" data-id=\"d2a6617\" data-element_type=\"widget\" data-e-type=\"widget\" data-widget_type=\"text-editor.default\">\n\t\t\t\t<div class=\"elementor-widget-container\">\n\t\t\t\t\t\t\t\t\t<p data-start=\"917\" data-end=\"1274\">El creixement de la <strong data-start=\"937\" data-end=\"966\">intel\u00b7lig\u00e8ncia artificial<\/strong> impulsa una demanda de processament sense precedents, cosa que obliga a repensar les infraestructures tecnol\u00f2giques: <strong data-start=\"1084\" data-end=\"1131\">la refrigeraci\u00f3 per aire ja no \u00e9s suficient<\/strong>. Els sistemes tradicionals representen ara un coll d&#8217;ampolla operatiu, energ\u00e8tic i econ\u00f2mic que frena el creixement dels <strong data-start=\"1253\" data-end=\"1273\">centres de dades<\/strong>.<\/p><p data-start=\"1234\" data-end=\"1605\">\u00a0<\/p><p data-start=\"1276\" data-end=\"1698\">A aquesta situaci\u00f3 s&#8217;hi suma un nou repte: els <strong data-start=\"1323\" data-end=\"1353\">centres de dades a Espanya<\/strong>, classificats com a <strong data-start=\"1374\" data-end=\"1410\">Infraestructura Cr\u00edtica Nacional<\/strong>, han de complir amb est\u00e0ndards de seguretat, manteniment i continu\u00eftat m\u00e9s estrictes. No adaptar-s&#8217;hi podria suposar no nom\u00e9s una p\u00e8rdua d&#8217;efici\u00e8ncia, sin\u00f3 tamb\u00e9 <strong data-start=\"1573\" data-end=\"1619\">quedar fora del marc normatiu i competitiu<\/strong> que Europa est\u00e0 configurant per consolidar la seva xarxa de <strong data-start=\"1680\" data-end=\"1697\">hubs digitals<\/strong>.<\/p>\t\t\t\t\t\t\t\t<\/div>\n\t\t\t\t<\/div>\n\t\t\t\t\t<\/div>\n\t\t<\/div>\n\t\t\t\t\t<\/div>\n\t\t<\/section>\n\t\t\t\t<section class=\"elementor-section elementor-top-section elementor-element elementor-element-4456088 elementor-section-boxed elementor-section-height-default elementor-section-height-default\" data-id=\"4456088\" data-element_type=\"section\" data-e-type=\"section\">\n\t\t\t\t\t\t<div class=\"elementor-container elementor-column-gap-default\">\n\t\t\t\t\t<div class=\"elementor-column elementor-col-100 elementor-top-column elementor-element elementor-element-f3037e1\" data-id=\"f3037e1\" data-element_type=\"column\" data-e-type=\"column\">\n\t\t\t<div class=\"elementor-widget-wrap elementor-element-populated\">\n\t\t\t\t\t\t<div class=\"elementor-element elementor-element-9a15615 elementor-widget elementor-widget-heading\" data-id=\"9a15615\" data-element_type=\"widget\" data-e-type=\"widget\" data-widget_type=\"heading.default\">\n\t\t\t\t<div class=\"elementor-widget-container\">\n\t\t\t\t\t<h2 class=\"elementor-heading-title elementor-size-default\">Cap a una infraestructura eficient, segura i sostenible<\/h2>\t\t\t\t<\/div>\n\t\t\t\t<\/div>\n\t\t\t\t<div class=\"elementor-element elementor-element-7dfa163 elementor-widget elementor-widget-text-editor\" data-id=\"7dfa163\" data-element_type=\"widget\" data-e-type=\"widget\" data-widget_type=\"text-editor.default\">\n\t\t\t\t<div class=\"elementor-widget-container\">\n\t\t\t\t\t\t\t\t\t<p dir=\"ltr\" style=\"line-height: 1.38; margin-top: 0pt; margin-bottom: 0pt;\"><font color=\"#000000\" face=\"Arial, sans-serif\"><span style=\"font-size: 14.6667px; white-space-collapse: preserve;\">Durant l&#8217;esdeveniment, es van presentar solucions de refrigeraci\u00f3 l\u00edquida, reutilitzaci\u00f3 de la calor residual per a calefacci\u00f3 urbana i estrat\u00e8gies de modularitat per escalar infraestructures sense sobredimensionar-les. Aquestes propostes no s\u00f3n conceptuals: <b>ja estan en marxa en projectes actius<\/b>.\n\nTamb\u00e9 es va parlar d&#8217;efici\u00e8ncia energ\u00e8tica integrada, amb iniciatives capaces de reduir un 30% els costos operatius sense comprometre la disponibilitat del sistema. \u00c9s a dir, <b>fer m\u00e9s amb menys i de manera m\u00e9s neta<\/b>.<\/span><\/font><\/p>\t\t\t\t\t\t\t\t<\/div>\n\t\t\t\t<\/div>\n\t\t\t\t\t<\/div>\n\t\t<\/div>\n\t\t\t\t\t<\/div>\n\t\t<\/section>\n\t\t\t\t<section class=\"elementor-section elementor-top-section elementor-element elementor-element-4b0ea5e elementor-section-boxed elementor-section-height-default elementor-section-height-default\" data-id=\"4b0ea5e\" data-element_type=\"section\" data-e-type=\"section\">\n\t\t\t\t\t\t<div class=\"elementor-container elementor-column-gap-default\">\n\t\t\t\t\t<div class=\"elementor-column elementor-col-100 elementor-top-column elementor-element elementor-element-cc1f7d5\" data-id=\"cc1f7d5\" data-element_type=\"column\" data-e-type=\"column\">\n\t\t\t<div class=\"elementor-widget-wrap elementor-element-populated\">\n\t\t\t\t\t\t<div class=\"elementor-element elementor-element-d7c0aff elementor-widget elementor-widget-image\" data-id=\"d7c0aff\" data-element_type=\"widget\" data-e-type=\"widget\" data-widget_type=\"image.default\">\n\t\t\t\t<div class=\"elementor-widget-container\">\n\t\t\t\t\t\t\t\t\t\t\t\t\t\t\t<img decoding=\"async\" width=\"800\" height=\"13\" src=\"https:\/\/inserty.com\/wp-content\/uploads\/2025\/05\/6G-CentrosdeDatos-Inserty-6-1024x17.png\" class=\"attachment-large size-large wp-image-8578\" alt=\"6G CentrosdeDatos Inserty (6)\" srcset=\"https:\/\/inserty.com\/wp-content\/uploads\/2025\/05\/6G-CentrosdeDatos-Inserty-6-1024x17.png 1024w, https:\/\/inserty.com\/wp-content\/uploads\/2025\/05\/6G-CentrosdeDatos-Inserty-6-300x5.png 300w, https:\/\/inserty.com\/wp-content\/uploads\/2025\/05\/6G-CentrosdeDatos-Inserty-6-768x13.png 768w, https:\/\/inserty.com\/wp-content\/uploads\/2025\/05\/6G-CentrosdeDatos-Inserty-6-1536x26.png 1536w, https:\/\/inserty.com\/wp-content\/uploads\/2025\/05\/6G-CentrosdeDatos-Inserty-6-2048x34.png 2048w\" sizes=\"(max-width: 800px) 100vw, 800px\" \/>\t\t\t\t\t\t\t\t\t\t\t\t\t\t\t<\/div>\n\t\t\t\t<\/div>\n\t\t\t\t\t<\/div>\n\t\t<\/div>\n\t\t\t\t\t<\/div>\n\t\t<\/section>\n\t\t\t\t<section class=\"elementor-section elementor-top-section elementor-element elementor-element-7bc4f83 elementor-section-boxed elementor-section-height-default elementor-section-height-default\" data-id=\"7bc4f83\" data-element_type=\"section\" data-e-type=\"section\">\n\t\t\t\t\t\t<div class=\"elementor-container elementor-column-gap-default\">\n\t\t\t\t\t<div class=\"elementor-column elementor-col-100 elementor-top-column elementor-element elementor-element-71474e2\" data-id=\"71474e2\" data-element_type=\"column\" data-e-type=\"column\">\n\t\t\t<div class=\"elementor-widget-wrap elementor-element-populated\">\n\t\t\t\t\t\t<div class=\"elementor-element elementor-element-560a96b elementor-widget elementor-widget-heading\" data-id=\"560a96b\" data-element_type=\"widget\" data-e-type=\"widget\" data-widget_type=\"heading.default\">\n\t\t\t\t<div class=\"elementor-widget-container\">\n\t\t\t\t\t<h3 class=\"elementor-heading-title elementor-size-default\"><a href=\"https:\/\/inserty.com\/contacto\/\"><span>Inserty: observant, aprenent i compartint<\/span><span><\/span><\/a><\/h3>\t\t\t\t<\/div>\n\t\t\t\t<\/div>\n\t\t\t\t<div class=\"elementor-element elementor-element-d8de3ff elementor-widget elementor-widget-text-editor\" data-id=\"d8de3ff\" data-element_type=\"widget\" data-e-type=\"widget\" data-widget_type=\"text-editor.default\">\n\t\t\t\t<div class=\"elementor-widget-container\">\n\t\t\t\t\t\t\t\t\t<p dir=\"ltr\" style=\"line-height: 1.38; margin-top: 0pt; margin-bottom: 0pt;\"><span style=\"font-size: 1rem;\">Des d&#8217;Inserty Tech Solutions vam assistir al\u00a0<\/span>DCD&gt;Connect Madrid\u00a0<span style=\"font-size: 1rem;\">per comprendre de primera m\u00e0 com s&#8217;est\u00e0 movent el sector i per seguir anticipant-nos als desafiaments reals de les empreses. Per\u00f2 aix\u00f2 no acaba aqu\u00ed.<\/span><\/p><p dir=\"ltr\" style=\"line-height: 1.38; margin-top: 0pt; margin-bottom: 0pt;\"><span style=\"background-color: transparent; font-family: Arial, sans-serif; font-size: 11pt; white-space-collapse: preserve;\">\u00a0<\/span><\/p><p data-start=\"1063\" data-end=\"1293\">\ud83d\udcc5 Aquest octubre continuarem aquest cam\u00ed com a <strong data-start=\"1111\" data-end=\"1157\">expositors al\u00a0<\/strong><b>DataCentre World Madrid 2025<\/b>, on compartirem m\u00e9s experi\u00e8ncies, solucions i idees sobre com dissenyar infraestructures que estiguin realment preparades per al futur.<\/p>\t\t\t\t\t\t\t\t<\/div>\n\t\t\t\t<\/div>\n\t\t\t\t\t<\/div>\n\t\t<\/div>\n\t\t\t\t\t<\/div>\n\t\t<\/section>\n\t\t\t\t<section class=\"elementor-section elementor-top-section elementor-element elementor-element-f9cdd17 elementor-section-boxed elementor-section-height-default elementor-section-height-default\" data-id=\"f9cdd17\" data-element_type=\"section\" data-e-type=\"section\">\n\t\t\t\t\t\t<div class=\"elementor-container elementor-column-gap-default\">\n\t\t\t\t\t<div class=\"elementor-column elementor-col-100 elementor-top-column elementor-element elementor-element-91dd6b0\" data-id=\"91dd6b0\" data-element_type=\"column\" data-e-type=\"column\">\n\t\t\t<div class=\"elementor-widget-wrap elementor-element-populated\">\n\t\t\t\t\t\t<div class=\"elementor-element elementor-element-8d35edc elementor-widget elementor-widget-image\" data-id=\"8d35edc\" data-element_type=\"widget\" data-e-type=\"widget\" data-widget_type=\"image.default\">\n\t\t\t\t<div class=\"elementor-widget-container\">\n\t\t\t\t\t\t\t\t\t\t\t\t\t\t\t<img decoding=\"async\" src=\"https:\/\/inserty.com\/wp-content\/uploads\/elementor\/thumbs\/WhatsApp-Image-2025-06-03-at-11.22.39-2-rk23kxpw516oyupvpzs6l3nyy97g7x4qyobm0usz7k.png\" title=\"WhatsApp Image 2025 06 03 at 11.22.39 (2)\" alt=\"WhatsApp Image 2025 06 03 at 11.22.39 (2)\" loading=\"lazy\" \/>\t\t\t\t\t\t\t\t\t\t\t\t\t\t\t<\/div>\n\t\t\t\t<\/div>\n\t\t\t\t\t<\/div>\n\t\t<\/div>\n\t\t\t\t\t<\/div>\n\t\t<\/section>\n\t\t\t\t<section class=\"elementor-section elementor-top-section elementor-element elementor-element-3e56687 elementor-section-boxed elementor-section-height-default elementor-section-height-default\" data-id=\"3e56687\" data-element_type=\"section\" data-e-type=\"section\">\n\t\t\t\t\t\t<div class=\"elementor-container elementor-column-gap-default\">\n\t\t\t\t\t<div class=\"elementor-column elementor-col-100 elementor-top-column elementor-element elementor-element-f456b04\" data-id=\"f456b04\" data-element_type=\"column\" data-e-type=\"column\">\n\t\t\t<div class=\"elementor-widget-wrap elementor-element-populated\">\n\t\t\t\t\t\t<div class=\"elementor-element elementor-element-526b553 elementor-widget elementor-widget-spacer\" data-id=\"526b553\" data-element_type=\"widget\" data-e-type=\"widget\" data-widget_type=\"spacer.default\">\n\t\t\t\t<div class=\"elementor-widget-container\">\n\t\t\t\t\t\t\t<div class=\"elementor-spacer\">\n\t\t\t<div class=\"elementor-spacer-inner\"><\/div>\n\t\t<\/div>\n\t\t\t\t\t\t<\/div>\n\t\t\t\t<\/div>\n\t\t\t\t\t<\/div>\n\t\t<\/div>\n\t\t\t\t\t<\/div>\n\t\t<\/section>\n\t\t\t\t<section class=\"elementor-section elementor-top-section elementor-element elementor-element-dd26210 elementor-section-boxed elementor-section-height-default elementor-section-height-default\" data-id=\"dd26210\" data-element_type=\"section\" data-e-type=\"section\">\n\t\t\t\t\t\t<div class=\"elementor-container elementor-column-gap-default\">\n\t\t\t\t\t<div class=\"elementor-column elementor-col-100 elementor-top-column elementor-element elementor-element-b8eeb6a\" data-id=\"b8eeb6a\" data-element_type=\"column\" data-e-type=\"column\">\n\t\t\t<div class=\"elementor-widget-wrap elementor-element-populated\">\n\t\t\t\t\t\t<div class=\"elementor-element elementor-element-88b839d elementor-widget elementor-widget-heading\" data-id=\"88b839d\" data-element_type=\"widget\" data-e-type=\"widget\" data-widget_type=\"heading.default\">\n\t\t\t\t<div class=\"elementor-widget-container\">\n\t\t\t\t\t<h4 class=\"elementor-heading-title elementor-size-default\">Te ha gustado el art\u00edculo? \u00a1Comp\u00e1rtelo en tus redes!!<\/h4>\t\t\t\t<\/div>\n\t\t\t\t<\/div>\n\t\t\t\t<div class=\"elementor-element elementor-element-d356b7c elementor-share-buttons--view-icon-text elementor-share-buttons--skin-gradient elementor-share-buttons--shape-square elementor-grid-0 elementor-share-buttons--color-official elementor-widget elementor-widget-share-buttons\" data-id=\"d356b7c\" data-element_type=\"widget\" data-e-type=\"widget\" data-widget_type=\"share-buttons.default\">\n\t\t\t\t<div class=\"elementor-widget-container\">\n\t\t\t\t\t\t\t<div class=\"elementor-grid\" role=\"list\">\n\t\t\t\t\t\t\t\t<div class=\"elementor-grid-item\" role=\"listitem\">\n\t\t\t\t\t\t<div class=\"elementor-share-btn elementor-share-btn_facebook\" role=\"button\" tabindex=\"0\" aria-label=\"Compartici\u00f3 en facebook\">\n\t\t\t\t\t\t\t\t\t\t\t\t\t\t\t<span class=\"elementor-share-btn__icon\">\n\t\t\t\t\t\t\t\t<svg aria-hidden=\"true\" class=\"e-font-icon-svg e-fab-facebook\" viewBox=\"0 0 512 512\" xmlns=\"http:\/\/www.w3.org\/2000\/svg\"><path d=\"M504 256C504 119 393 8 256 8S8 119 8 256c0 123.78 90.69 226.38 209.25 245V327.69h-63V256h63v-54.64c0-62.15 37-96.48 93.67-96.48 27.14 0 55.52 4.84 55.52 4.84v61h-31.28c-30.8 0-40.41 19.12-40.41 38.73V256h68.78l-11 71.69h-57.78V501C413.31 482.38 504 379.78 504 256z\"><\/path><\/svg>\t\t\t\t\t\t\t<\/span>\n\t\t\t\t\t\t\t\t\t\t\t\t\t\t\t\t\t\t\t\t\t\t<div class=\"elementor-share-btn__text\">\n\t\t\t\t\t\t\t\t\t\t\t\t\t\t\t\t\t\t\t<span class=\"elementor-share-btn__title\">\n\t\t\t\t\t\t\t\t\t\tFacebook\t\t\t\t\t\t\t\t\t<\/span>\n\t\t\t\t\t\t\t\t\t\t\t\t\t\t\t\t\t<\/div>\n\t\t\t\t\t\t\t\t\t\t\t\t\t<\/div>\n\t\t\t\t\t<\/div>\n\t\t\t\t\t\t\t\t\t<div class=\"elementor-grid-item\" role=\"listitem\">\n\t\t\t\t\t\t<div class=\"elementor-share-btn elementor-share-btn_twitter\" role=\"button\" tabindex=\"0\" aria-label=\"Compartici\u00f3 en twitter\">\n\t\t\t\t\t\t\t\t\t\t\t\t\t\t\t<span class=\"elementor-share-btn__icon\">\n\t\t\t\t\t\t\t\t<svg aria-hidden=\"true\" class=\"e-font-icon-svg e-fab-twitter\" viewBox=\"0 0 512 512\" xmlns=\"http:\/\/www.w3.org\/2000\/svg\"><path d=\"M459.37 151.716c.325 4.548.325 9.097.325 13.645 0 138.72-105.583 298.558-298.558 298.558-59.452 0-114.68-17.219-161.137-47.106 8.447.974 16.568 1.299 25.34 1.299 49.055 0 94.213-16.568 130.274-44.832-46.132-.975-84.792-31.188-98.112-72.772 6.498.974 12.995 1.624 19.818 1.624 9.421 0 18.843-1.3 27.614-3.573-48.081-9.747-84.143-51.98-84.143-102.985v-1.299c13.969 7.797 30.214 12.67 47.431 13.319-28.264-18.843-46.781-51.005-46.781-87.391 0-19.492 5.197-37.36 14.294-52.954 51.655 63.675 129.3 105.258 216.365 109.807-1.624-7.797-2.599-15.918-2.599-24.04 0-57.828 46.782-104.934 104.934-104.934 30.213 0 57.502 12.67 76.67 33.137 23.715-4.548 46.456-13.32 66.599-25.34-7.798 24.366-24.366 44.833-46.132 57.827 21.117-2.273 41.584-8.122 60.426-16.243-14.292 20.791-32.161 39.308-52.628 54.253z\"><\/path><\/svg>\t\t\t\t\t\t\t<\/span>\n\t\t\t\t\t\t\t\t\t\t\t\t\t\t\t\t\t\t\t\t\t\t<div class=\"elementor-share-btn__text\">\n\t\t\t\t\t\t\t\t\t\t\t\t\t\t\t\t\t\t\t<span class=\"elementor-share-btn__title\">\n\t\t\t\t\t\t\t\t\t\tTwitter\t\t\t\t\t\t\t\t\t<\/span>\n\t\t\t\t\t\t\t\t\t\t\t\t\t\t\t\t\t<\/div>\n\t\t\t\t\t\t\t\t\t\t\t\t\t<\/div>\n\t\t\t\t\t<\/div>\n\t\t\t\t\t\t\t\t\t<div class=\"elementor-grid-item\" role=\"listitem\">\n\t\t\t\t\t\t<div class=\"elementor-share-btn elementor-share-btn_linkedin\" role=\"button\" tabindex=\"0\" aria-label=\"Compartici\u00f3 en linkedin\">\n\t\t\t\t\t\t\t\t\t\t\t\t\t\t\t<span class=\"elementor-share-btn__icon\">\n\t\t\t\t\t\t\t\t<svg aria-hidden=\"true\" class=\"e-font-icon-svg e-fab-linkedin\" viewBox=\"0 0 448 512\" xmlns=\"http:\/\/www.w3.org\/2000\/svg\"><path d=\"M416 32H31.9C14.3 32 0 46.5 0 64.3v383.4C0 465.5 14.3 480 31.9 480H416c17.6 0 32-14.5 32-32.3V64.3c0-17.8-14.4-32.3-32-32.3zM135.4 416H69V202.2h66.5V416zm-33.2-243c-21.3 0-38.5-17.3-38.5-38.5S80.9 96 102.2 96c21.2 0 38.5 17.3 38.5 38.5 0 21.3-17.2 38.5-38.5 38.5zm282.1 243h-66.4V312c0-24.8-.5-56.7-34.5-56.7-34.6 0-39.9 27-39.9 54.9V416h-66.4V202.2h63.7v29.2h.9c8.9-16.8 30.6-34.5 62.9-34.5 67.2 0 79.7 44.3 79.7 101.9V416z\"><\/path><\/svg>\t\t\t\t\t\t\t<\/span>\n\t\t\t\t\t\t\t\t\t\t\t\t\t\t\t\t\t\t\t\t\t\t<div class=\"elementor-share-btn__text\">\n\t\t\t\t\t\t\t\t\t\t\t\t\t\t\t\t\t\t\t<span class=\"elementor-share-btn__title\">\n\t\t\t\t\t\t\t\t\t\tLinkedIn\t\t\t\t\t\t\t\t\t<\/span>\n\t\t\t\t\t\t\t\t\t\t\t\t\t\t\t\t\t<\/div>\n\t\t\t\t\t\t\t\t\t\t\t\t\t<\/div>\n\t\t\t\t\t<\/div>\n\t\t\t\t\t\t\t\t\t<div class=\"elementor-grid-item\" role=\"listitem\">\n\t\t\t\t\t\t<div class=\"elementor-share-btn elementor-share-btn_whatsapp\" role=\"button\" tabindex=\"0\" aria-label=\"Compartici\u00f3 en whatsapp\">\n\t\t\t\t\t\t\t\t\t\t\t\t\t\t\t<span class=\"elementor-share-btn__icon\">\n\t\t\t\t\t\t\t\t<svg aria-hidden=\"true\" class=\"e-font-icon-svg e-fab-whatsapp\" viewBox=\"0 0 448 512\" xmlns=\"http:\/\/www.w3.org\/2000\/svg\"><path d=\"M380.9 97.1C339 55.1 283.2 32 223.9 32c-122.4 0-222 99.6-222 222 0 39.1 10.2 77.3 29.6 111L0 480l117.7-30.9c32.4 17.7 68.9 27 106.1 27h.1c122.3 0 224.1-99.6 224.1-222 0-59.3-25.2-115-67.1-157zm-157 341.6c-33.2 0-65.7-8.9-94-25.7l-6.7-4-69.8 18.3L72 359.2l-4.4-7c-18.5-29.4-28.2-63.3-28.2-98.2 0-101.7 82.8-184.5 184.6-184.5 49.3 0 95.6 19.2 130.4 54.1 34.8 34.9 56.2 81.2 56.1 130.5 0 101.8-84.9 184.6-186.6 184.6zm101.2-138.2c-5.5-2.8-32.8-16.2-37.9-18-5.1-1.9-8.8-2.8-12.5 2.8-3.7 5.6-14.3 18-17.6 21.8-3.2 3.7-6.5 4.2-12 1.4-32.6-16.3-54-29.1-75.5-66-5.7-9.8 5.7-9.1 16.3-30.3 1.8-3.7.9-6.9-.5-9.7-1.4-2.8-12.5-30.1-17.1-41.2-4.5-10.8-9.1-9.3-12.5-9.5-3.2-.2-6.9-.2-10.6-.2-3.7 0-9.7 1.4-14.8 6.9-5.1 5.6-19.4 19-19.4 46.3 0 27.3 19.9 53.7 22.6 57.4 2.8 3.7 39.1 59.7 94.8 83.8 35.2 15.2 49 16.5 66.6 13.9 10.7-1.6 32.8-13.4 37.4-26.4 4.6-13 4.6-24.1 3.2-26.4-1.3-2.5-5-3.9-10.5-6.6z\"><\/path><\/svg>\t\t\t\t\t\t\t<\/span>\n\t\t\t\t\t\t\t\t\t\t\t\t\t\t\t\t\t\t\t\t\t\t<div class=\"elementor-share-btn__text\">\n\t\t\t\t\t\t\t\t\t\t\t\t\t\t\t\t\t\t\t<span class=\"elementor-share-btn__title\">\n\t\t\t\t\t\t\t\t\t\tWhatsApp\t\t\t\t\t\t\t\t\t<\/span>\n\t\t\t\t\t\t\t\t\t\t\t\t\t\t\t\t\t<\/div>\n\t\t\t\t\t\t\t\t\t\t\t\t\t<\/div>\n\t\t\t\t\t<\/div>\n\t\t\t\t\t\t\t\t\t<div class=\"elementor-grid-item\" role=\"listitem\">\n\t\t\t\t\t\t<div class=\"elementor-share-btn elementor-share-btn_email\" role=\"button\" tabindex=\"0\" aria-label=\"Compartici\u00f3 en email\">\n\t\t\t\t\t\t\t\t\t\t\t\t\t\t\t<span class=\"elementor-share-btn__icon\">\n\t\t\t\t\t\t\t\t<svg aria-hidden=\"true\" class=\"e-font-icon-svg e-fas-envelope\" viewBox=\"0 0 512 512\" xmlns=\"http:\/\/www.w3.org\/2000\/svg\"><path d=\"M502.3 190.8c3.9-3.1 9.7-.2 9.7 4.7V400c0 26.5-21.5 48-48 48H48c-26.5 0-48-21.5-48-48V195.6c0-5 5.7-7.8 9.7-4.7 22.4 17.4 52.1 39.5 154.1 113.6 21.1 15.4 56.7 47.8 92.2 47.6 35.7.3 72-32.8 92.3-47.6 102-74.1 131.6-96.3 154-113.7zM256 320c23.2.4 56.6-29.2 73.4-41.4 132.7-96.3 142.8-104.7 173.4-128.7 5.8-4.5 9.2-11.5 9.2-18.9v-19c0-26.5-21.5-48-48-48H48C21.5 64 0 85.5 0 112v19c0 7.4 3.4 14.3 9.2 18.9 30.6 23.9 40.7 32.4 173.4 128.7 16.8 12.2 50.2 41.8 73.4 41.4z\"><\/path><\/svg>\t\t\t\t\t\t\t<\/span>\n\t\t\t\t\t\t\t\t\t\t\t\t\t\t\t\t\t\t\t\t\t\t<div class=\"elementor-share-btn__text\">\n\t\t\t\t\t\t\t\t\t\t\t\t\t\t\t\t\t\t\t<span class=\"elementor-share-btn__title\">\n\t\t\t\t\t\t\t\t\t\tEmail\t\t\t\t\t\t\t\t\t<\/span>\n\t\t\t\t\t\t\t\t\t\t\t\t\t\t\t\t\t<\/div>\n\t\t\t\t\t\t\t\t\t\t\t\t\t<\/div>\n\t\t\t\t\t<\/div>\n\t\t\t\t\t\t<\/div>\n\t\t\t\t\t\t<\/div>\n\t\t\t\t<\/div>\n\t\t\t\t\t<\/div>\n\t\t<\/div>\n\t\t\t\t\t<\/div>\n\t\t<\/section>\n\t\t\t\t<section class=\"elementor-section elementor-top-section elementor-element elementor-element-862afae elementor-section-boxed elementor-section-height-default elementor-section-height-default\" data-id=\"862afae\" data-element_type=\"section\" data-e-type=\"section\">\n\t\t\t\t\t\t<div class=\"elementor-container elementor-column-gap-default\">\n\t\t\t\t\t<div class=\"elementor-column elementor-col-100 elementor-top-column elementor-element elementor-element-78b8e1b\" data-id=\"78b8e1b\" data-element_type=\"column\" data-e-type=\"column\">\n\t\t\t<div class=\"elementor-widget-wrap elementor-element-populated\">\n\t\t\t\t\t\t<div class=\"elementor-element elementor-element-8cd184e elementor-widget-divider--view-line elementor-widget elementor-widget-divider\" data-id=\"8cd184e\" data-element_type=\"widget\" data-e-type=\"widget\" data-widget_type=\"divider.default\">\n\t\t\t\t<div class=\"elementor-widget-container\">\n\t\t\t\t\t\t\t<div class=\"elementor-divider\">\n\t\t\t<span class=\"elementor-divider-separator\">\n\t\t\t\t\t\t<\/span>\n\t\t<\/div>\n\t\t\t\t\t\t<\/div>\n\t\t\t\t<\/div>\n\t\t\t\t\t<\/div>\n\t\t<\/div>\n\t\t\t\t\t<\/div>\n\t\t<\/section>\n\t\t\t\t<section class=\"elementor-section elementor-top-section elementor-element elementor-element-d416897 elementor-section-boxed elementor-section-height-default elementor-section-height-default\" data-id=\"d416897\" data-element_type=\"section\" data-e-type=\"section\">\n\t\t\t\t\t\t<div class=\"elementor-container elementor-column-gap-default\">\n\t\t\t\t\t<div class=\"elementor-column elementor-col-50 elementor-top-column elementor-element elementor-element-865d1b6\" data-id=\"865d1b6\" data-element_type=\"column\" data-e-type=\"column\">\n\t\t\t<div class=\"elementor-widget-wrap elementor-element-populated\">\n\t\t\t\t\t\t<div class=\"elementor-element elementor-element-b7efafc elementor-widget elementor-widget-image\" data-id=\"b7efafc\" data-element_type=\"widget\" data-e-type=\"widget\" data-widget_type=\"image.default\">\n\t\t\t\t<div class=\"elementor-widget-container\">\n\t\t\t\t\t\t\t\t\t\t\t\t\t\t\t<img fetchpriority=\"high\" decoding=\"async\" width=\"300\" height=\"300\" src=\"https:\/\/inserty.com\/wp-content\/uploads\/2025\/01\/Ronald-600-x-600-px.jpg-300x300.jpg\" class=\"attachment-medium size-medium wp-image-7489\" alt=\"Ronald 600 x 600 px.jpg\" srcset=\"https:\/\/inserty.com\/wp-content\/uploads\/2025\/01\/Ronald-600-x-600-px.jpg-300x300.jpg 300w, https:\/\/inserty.com\/wp-content\/uploads\/2025\/01\/Ronald-600-x-600-px.jpg-150x150.jpg 150w, https:\/\/inserty.com\/wp-content\/uploads\/2025\/01\/Ronald-600-x-600-px.jpg.jpg 600w\" sizes=\"(max-width: 300px) 100vw, 300px\" \/>\t\t\t\t\t\t\t\t\t\t\t\t\t\t\t<\/div>\n\t\t\t\t<\/div>\n\t\t\t\t\t<\/div>\n\t\t<\/div>\n\t\t\t\t<div class=\"elementor-column elementor-col-50 elementor-top-column elementor-element elementor-element-e22e39a\" data-id=\"e22e39a\" data-element_type=\"column\" data-e-type=\"column\">\n\t\t\t<div class=\"elementor-widget-wrap elementor-element-populated\">\n\t\t\t\t\t\t<div class=\"elementor-element elementor-element-8461d7a elementor-widget elementor-widget-text-editor\" data-id=\"8461d7a\" data-element_type=\"widget\" data-e-type=\"widget\" data-widget_type=\"text-editor.default\">\n\t\t\t\t<div class=\"elementor-widget-container\">\n\t\t\t\t\t\t\t\t\t<h4>Ronald Dur\u00e1n<\/h4><p>Marketing Manager en Inserty Tech Solutions<\/p>\t\t\t\t\t\t\t\t<\/div>\n\t\t\t\t<\/div>\n\t\t\t\t<div class=\"elementor-element elementor-element-bf39d9b e-grid-align-left elementor-shape-rounded elementor-grid-0 elementor-widget elementor-widget-social-icons\" data-id=\"bf39d9b\" data-element_type=\"widget\" data-e-type=\"widget\" data-widget_type=\"social-icons.default\">\n\t\t\t\t<div class=\"elementor-widget-container\">\n\t\t\t\t\t\t\t<div class=\"elementor-social-icons-wrapper elementor-grid\">\n\t\t\t\t\t\t\t<span class=\"elementor-grid-item\">\n\t\t\t\t\t<a class=\"elementor-icon elementor-social-icon elementor-social-icon-linkedin elementor-repeater-item-14dc135\" href=\"https:\/\/www.linkedin.com\/in\/ronaldduran\/\" target=\"_blank\" rel=\"nofollow\">\n\t\t\t\t\t\t<span class=\"elementor-screen-only\">Linkedin<\/span>\n\t\t\t\t\t\t<svg aria-hidden=\"true\" class=\"e-font-icon-svg e-fab-linkedin\" viewBox=\"0 0 448 512\" xmlns=\"http:\/\/www.w3.org\/2000\/svg\"><path d=\"M416 32H31.9C14.3 32 0 46.5 0 64.3v383.4C0 465.5 14.3 480 31.9 480H416c17.6 0 32-14.5 32-32.3V64.3c0-17.8-14.4-32.3-32-32.3zM135.4 416H69V202.2h66.5V416zm-33.2-243c-21.3 0-38.5-17.3-38.5-38.5S80.9 96 102.2 96c21.2 0 38.5 17.3 38.5 38.5 0 21.3-17.2 38.5-38.5 38.5zm282.1 243h-66.4V312c0-24.8-.5-56.7-34.5-56.7-34.6 0-39.9 27-39.9 54.9V416h-66.4V202.2h63.7v29.2h.9c8.9-16.8 30.6-34.5 62.9-34.5 67.2 0 79.7 44.3 79.7 101.9V416z\"><\/path><\/svg>\t\t\t\t\t<\/a>\n\t\t\t\t<\/span>\n\t\t\t\t\t<\/div>\n\t\t\t\t\t\t<\/div>\n\t\t\t\t<\/div>\n\t\t\t\t\t<\/div>\n\t\t<\/div>\n\t\t\t\t\t<\/div>\n\t\t<\/section>\n\t\t\t\t<\/div>\n\t\t","protected":false},"excerpt":{"rendered":"<p>Espanya l\u00edder com hub digital europeu. Despr\u00e9s del DCD>Connect Madrid 2025, descobreix estrat\u00e8gies clau en centres de dades, infraestructura cr\u00edtica, efici\u00e8ncia energ\u00e8tica i sostenibilitat tecnol\u00f2gica per a preparar la teva empresa per al futur.<\/p>\n","protected":false},"author":3,"featured_media":8786,"comment_status":"closed","ping_status":"closed","sticky":false,"template":"elementor_theme","format":"standard","meta":{"footnotes":""},"categories":[1],"tags":[],"class_list":["post-8801","post","type-post","status-publish","format-standard","has-post-thumbnail","hentry","category-sin-categorizar"],"yoast_head":"<!-- This site is optimized with the Yoast SEO plugin v27.5 - https:\/\/yoast.com\/product\/yoast-seo-wordpress\/ -->\n<title>Espanya Hub Digital 2025: Claus en Centres de Dades<\/title>\n<meta name=\"description\" content=\"Espanya com a hub digital i l\u00edder en centres de dades: descobreix com preparar la teva infraestructura tecnol\u00f2gica despr\u00e9s del DCD&gt;Connect Madrid 2025.\" \/>\n<meta name=\"robots\" content=\"index, follow, max-snippet:-1, max-image-preview:large, max-video-preview:-1\" \/>\n<link rel=\"canonical\" href=\"https:\/\/inserty.com\/ca\/espanya-hub-digital-centres-dades-infraestructura-dcdconnect-madrid-2025\/\" \/>\n<meta property=\"og:locale\" content=\"ca_ES\" \/>\n<meta property=\"og:type\" content=\"article\" \/>\n<meta property=\"og:title\" content=\"Espanya com a Hub Digital: Claus en Infraestructura i Centres de Dades el 2025\" \/>\n<meta property=\"og:description\" content=\"Descobreix per qu\u00e8 Espanya es consolida com a hub digital europeu i com preparar la teva infraestructura tecnol\u00f2gica amb efici\u00e8ncia energ\u00e8tica i innovaci\u00f3 despr\u00e9s del DCD&gt;Connect Madrid 2025.\" \/>\n<meta property=\"og:url\" content=\"https:\/\/inserty.com\/ca\/espanya-hub-digital-centres-dades-infraestructura-dcdconnect-madrid-2025\/\" \/>\n<meta property=\"og:site_name\" content=\"Inserty\" \/>\n<meta property=\"article:published_time\" content=\"2025-06-04T07:24:51+00:00\" \/>\n<meta property=\"article:modified_time\" content=\"2026-04-22T12:15:21+00:00\" \/>\n<meta property=\"og:image\" content=\"https:\/\/inserty.com\/wp-content\/uploads\/2025\/06\/WhatsApp-Image-2025-06-03-at-11.22.08-1-1024x768.jpeg\" \/>\n<meta name=\"author\" content=\"Inserty\" \/>\n<meta name=\"twitter:card\" content=\"summary_large_image\" \/>\n<meta name=\"twitter:title\" content=\"Espanya com a Hub Digital: Claus en Infraestructura i Centres de Dades el 2025\" \/>\n<meta name=\"twitter:description\" content=\"Descobreix per qu\u00e8 Espanya es consolida com a hub digital europeu i com preparar la teva infraestructura tecnol\u00f2gica amb efici\u00e8ncia energ\u00e8tica i innovaci\u00f3 despr\u00e9s del DCD&gt;Connect Madrid 2025.\" \/>\n<meta name=\"twitter:image\" content=\"https:\/\/inserty.com\/wp-content\/uploads\/2025\/06\/WhatsApp-Image-2025-06-03-at-11.22.08-1-1024x768.jpeg\" \/>\n<meta name=\"twitter:label1\" content=\"Escrit per\" \/>\n\t<meta name=\"twitter:data1\" content=\"Inserty\" \/>\n\t<meta name=\"twitter:label2\" content=\"Temps estimat de lectura\" \/>\n\t<meta name=\"twitter:data2\" content=\"3 minuts\" \/>\n<script type=\"application\/ld+json\" class=\"yoast-schema-graph\">{\"@context\":\"https:\\\/\\\/schema.org\",\"@graph\":[{\"@type\":\"Article\",\"@id\":\"https:\\\/\\\/inserty.com\\\/ca\\\/espanya-hub-digital-centres-dades-infraestructura-dcdconnect-madrid-2025\\\/#article\",\"isPartOf\":{\"@id\":\"https:\\\/\\\/inserty.com\\\/ca\\\/espanya-hub-digital-centres-dades-infraestructura-dcdconnect-madrid-2025\\\/\"},\"author\":{\"name\":\"Inserty\",\"@id\":\"https:\\\/\\\/inserty.com\\\/#\\\/schema\\\/person\\\/dc9e22f4a82ab861ebdabddc32ff4b4b\"},\"headline\":\"Espanya com a Hub Digital: el que tota empresa ha de saber despr\u00e9s del DCD > Connect Madrid 2025\",\"datePublished\":\"2025-06-04T07:24:51+00:00\",\"dateModified\":\"2026-04-22T12:15:21+00:00\",\"mainEntityOfPage\":{\"@id\":\"https:\\\/\\\/inserty.com\\\/ca\\\/espanya-hub-digital-centres-dades-infraestructura-dcdconnect-madrid-2025\\\/\"},\"wordCount\":433,\"publisher\":{\"@id\":\"https:\\\/\\\/inserty.com\\\/#organization\"},\"image\":{\"@id\":\"https:\\\/\\\/inserty.com\\\/ca\\\/espanya-hub-digital-centres-dades-infraestructura-dcdconnect-madrid-2025\\\/#primaryimage\"},\"thumbnailUrl\":\"https:\\\/\\\/inserty.com\\\/wp-content\\\/uploads\\\/2025\\\/06\\\/WhatsApp-Image-2025-06-03-at-11.22.08-1.jpeg\",\"articleSection\":[\"Sin categorizar\"],\"inLanguage\":\"ca\"},{\"@type\":\"WebPage\",\"@id\":\"https:\\\/\\\/inserty.com\\\/ca\\\/espanya-hub-digital-centres-dades-infraestructura-dcdconnect-madrid-2025\\\/\",\"url\":\"https:\\\/\\\/inserty.com\\\/ca\\\/espanya-hub-digital-centres-dades-infraestructura-dcdconnect-madrid-2025\\\/\",\"name\":\"Espanya Hub Digital 2025: Claus en Centres de Dades\",\"isPartOf\":{\"@id\":\"https:\\\/\\\/inserty.com\\\/#website\"},\"primaryImageOfPage\":{\"@id\":\"https:\\\/\\\/inserty.com\\\/ca\\\/espanya-hub-digital-centres-dades-infraestructura-dcdconnect-madrid-2025\\\/#primaryimage\"},\"image\":{\"@id\":\"https:\\\/\\\/inserty.com\\\/ca\\\/espanya-hub-digital-centres-dades-infraestructura-dcdconnect-madrid-2025\\\/#primaryimage\"},\"thumbnailUrl\":\"https:\\\/\\\/inserty.com\\\/wp-content\\\/uploads\\\/2025\\\/06\\\/WhatsApp-Image-2025-06-03-at-11.22.08-1.jpeg\",\"datePublished\":\"2025-06-04T07:24:51+00:00\",\"dateModified\":\"2026-04-22T12:15:21+00:00\",\"description\":\"Espanya com a hub digital i l\u00edder en centres de dades: descobreix com preparar la teva infraestructura tecnol\u00f2gica despr\u00e9s del DCD>Connect Madrid 2025.\",\"breadcrumb\":{\"@id\":\"https:\\\/\\\/inserty.com\\\/ca\\\/espanya-hub-digital-centres-dades-infraestructura-dcdconnect-madrid-2025\\\/#breadcrumb\"},\"inLanguage\":\"ca\",\"potentialAction\":[{\"@type\":\"ReadAction\",\"target\":[\"https:\\\/\\\/inserty.com\\\/ca\\\/espanya-hub-digital-centres-dades-infraestructura-dcdconnect-madrid-2025\\\/\"]}]},{\"@type\":\"ImageObject\",\"inLanguage\":\"ca\",\"@id\":\"https:\\\/\\\/inserty.com\\\/ca\\\/espanya-hub-digital-centres-dades-infraestructura-dcdconnect-madrid-2025\\\/#primaryimage\",\"url\":\"https:\\\/\\\/inserty.com\\\/wp-content\\\/uploads\\\/2025\\\/06\\\/WhatsApp-Image-2025-06-03-at-11.22.08-1.jpeg\",\"contentUrl\":\"https:\\\/\\\/inserty.com\\\/wp-content\\\/uploads\\\/2025\\\/06\\\/WhatsApp-Image-2025-06-03-at-11.22.08-1.jpeg\",\"width\":2048,\"height\":1536,\"caption\":\"Audiencia en DCD>Connect Madrid 2025 sobre centros de datos e infraestructura tecnol\u00f3gica\"},{\"@type\":\"BreadcrumbList\",\"@id\":\"https:\\\/\\\/inserty.com\\\/ca\\\/espanya-hub-digital-centres-dades-infraestructura-dcdconnect-madrid-2025\\\/#breadcrumb\",\"itemListElement\":[{\"@type\":\"ListItem\",\"position\":1,\"name\":\"Portada\",\"item\":\"https:\\\/\\\/inserty.com\\\/ca\\\/\"},{\"@type\":\"ListItem\",\"position\":2,\"name\":\"Espanya com a Hub Digital: el que tota empresa ha de saber despr\u00e9s del DCD > Connect Madrid 2025\"}]},{\"@type\":\"WebSite\",\"@id\":\"https:\\\/\\\/inserty.com\\\/#website\",\"url\":\"https:\\\/\\\/inserty.com\\\/\",\"name\":\"Inserty\",\"description\":\"\",\"publisher\":{\"@id\":\"https:\\\/\\\/inserty.com\\\/#organization\"},\"potentialAction\":[{\"@type\":\"SearchAction\",\"target\":{\"@type\":\"EntryPoint\",\"urlTemplate\":\"https:\\\/\\\/inserty.com\\\/?s={search_term_string}\"},\"query-input\":{\"@type\":\"PropertyValueSpecification\",\"valueRequired\":true,\"valueName\":\"search_term_string\"}}],\"inLanguage\":\"ca\"},{\"@type\":\"Organization\",\"@id\":\"https:\\\/\\\/inserty.com\\\/#organization\",\"name\":\"Inserty\",\"url\":\"https:\\\/\\\/inserty.com\\\/\",\"logo\":{\"@type\":\"ImageObject\",\"inLanguage\":\"ca\",\"@id\":\"https:\\\/\\\/inserty.com\\\/#\\\/schema\\\/logo\\\/image\\\/\",\"url\":\"https:\\\/\\\/inserty.com\\\/wp-content\\\/uploads\\\/2023\\\/12\\\/dbb395e042349065a7ee595fa4332c0ef839dd08.png\",\"contentUrl\":\"https:\\\/\\\/inserty.com\\\/wp-content\\\/uploads\\\/2023\\\/12\\\/dbb395e042349065a7ee595fa4332c0ef839dd08.png\",\"width\":2048,\"height\":621,\"caption\":\"Inserty\"},\"image\":{\"@id\":\"https:\\\/\\\/inserty.com\\\/#\\\/schema\\\/logo\\\/image\\\/\"}},{\"@type\":\"Person\",\"@id\":\"https:\\\/\\\/inserty.com\\\/#\\\/schema\\\/person\\\/dc9e22f4a82ab861ebdabddc32ff4b4b\",\"name\":\"Inserty\",\"image\":{\"@type\":\"ImageObject\",\"inLanguage\":\"ca\",\"@id\":\"https:\\\/\\\/secure.gravatar.com\\\/avatar\\\/9b6bbf282cf7239a9dea138f2f17da6b286c836f1c30842a7862b9fc1cde0314?s=96&d=mm&r=g\",\"url\":\"https:\\\/\\\/secure.gravatar.com\\\/avatar\\\/9b6bbf282cf7239a9dea138f2f17da6b286c836f1c30842a7862b9fc1cde0314?s=96&d=mm&r=g\",\"contentUrl\":\"https:\\\/\\\/secure.gravatar.com\\\/avatar\\\/9b6bbf282cf7239a9dea138f2f17da6b286c836f1c30842a7862b9fc1cde0314?s=96&d=mm&r=g\",\"caption\":\"Inserty\"},\"url\":\"https:\\\/\\\/inserty.com\\\/ca\\\/author\\\/inserty\\\/\"}]}<\/script>\n<!-- \/ Yoast SEO plugin. -->","yoast_head_json":{"title":"Espanya Hub Digital 2025: Claus en Centres de Dades","description":"Espanya com a hub digital i l\u00edder en centres de dades: descobreix com preparar la teva infraestructura tecnol\u00f2gica despr\u00e9s del DCD>Connect Madrid 2025.","robots":{"index":"index","follow":"follow","max-snippet":"max-snippet:-1","max-image-preview":"max-image-preview:large","max-video-preview":"max-video-preview:-1"},"canonical":"https:\/\/inserty.com\/ca\/espanya-hub-digital-centres-dades-infraestructura-dcdconnect-madrid-2025\/","og_locale":"ca_ES","og_type":"article","og_title":"Espanya com a Hub Digital: Claus en Infraestructura i Centres de Dades el 2025","og_description":"Descobreix per qu\u00e8 Espanya es consolida com a hub digital europeu i com preparar la teva infraestructura tecnol\u00f2gica amb efici\u00e8ncia energ\u00e8tica i innovaci\u00f3 despr\u00e9s del DCD>Connect Madrid 2025.","og_url":"https:\/\/inserty.com\/ca\/espanya-hub-digital-centres-dades-infraestructura-dcdconnect-madrid-2025\/","og_site_name":"Inserty","article_published_time":"2025-06-04T07:24:51+00:00","article_modified_time":"2026-04-22T12:15:21+00:00","og_image":[{"url":"https:\/\/inserty.com\/wp-content\/uploads\/2025\/06\/WhatsApp-Image-2025-06-03-at-11.22.08-1-1024x768.jpeg","type":"","width":"","height":""}],"author":"Inserty","twitter_card":"summary_large_image","twitter_title":"Espanya com a Hub Digital: Claus en Infraestructura i Centres de Dades el 2025","twitter_description":"Descobreix per qu\u00e8 Espanya es consolida com a hub digital europeu i com preparar la teva infraestructura tecnol\u00f2gica amb efici\u00e8ncia energ\u00e8tica i innovaci\u00f3 despr\u00e9s del DCD>Connect Madrid 2025.","twitter_image":"https:\/\/inserty.com\/wp-content\/uploads\/2025\/06\/WhatsApp-Image-2025-06-03-at-11.22.08-1-1024x768.jpeg","twitter_misc":{"Escrit per":"Inserty","Temps estimat de lectura":"3 minuts"},"schema":{"@context":"https:\/\/schema.org","@graph":[{"@type":"Article","@id":"https:\/\/inserty.com\/ca\/espanya-hub-digital-centres-dades-infraestructura-dcdconnect-madrid-2025\/#article","isPartOf":{"@id":"https:\/\/inserty.com\/ca\/espanya-hub-digital-centres-dades-infraestructura-dcdconnect-madrid-2025\/"},"author":{"name":"Inserty","@id":"https:\/\/inserty.com\/#\/schema\/person\/dc9e22f4a82ab861ebdabddc32ff4b4b"},"headline":"Espanya com a Hub Digital: el que tota empresa ha de saber despr\u00e9s del DCD > Connect Madrid 2025","datePublished":"2025-06-04T07:24:51+00:00","dateModified":"2026-04-22T12:15:21+00:00","mainEntityOfPage":{"@id":"https:\/\/inserty.com\/ca\/espanya-hub-digital-centres-dades-infraestructura-dcdconnect-madrid-2025\/"},"wordCount":433,"publisher":{"@id":"https:\/\/inserty.com\/#organization"},"image":{"@id":"https:\/\/inserty.com\/ca\/espanya-hub-digital-centres-dades-infraestructura-dcdconnect-madrid-2025\/#primaryimage"},"thumbnailUrl":"https:\/\/inserty.com\/wp-content\/uploads\/2025\/06\/WhatsApp-Image-2025-06-03-at-11.22.08-1.jpeg","articleSection":["Sin categorizar"],"inLanguage":"ca"},{"@type":"WebPage","@id":"https:\/\/inserty.com\/ca\/espanya-hub-digital-centres-dades-infraestructura-dcdconnect-madrid-2025\/","url":"https:\/\/inserty.com\/ca\/espanya-hub-digital-centres-dades-infraestructura-dcdconnect-madrid-2025\/","name":"Espanya Hub Digital 2025: Claus en Centres de Dades","isPartOf":{"@id":"https:\/\/inserty.com\/#website"},"primaryImageOfPage":{"@id":"https:\/\/inserty.com\/ca\/espanya-hub-digital-centres-dades-infraestructura-dcdconnect-madrid-2025\/#primaryimage"},"image":{"@id":"https:\/\/inserty.com\/ca\/espanya-hub-digital-centres-dades-infraestructura-dcdconnect-madrid-2025\/#primaryimage"},"thumbnailUrl":"https:\/\/inserty.com\/wp-content\/uploads\/2025\/06\/WhatsApp-Image-2025-06-03-at-11.22.08-1.jpeg","datePublished":"2025-06-04T07:24:51+00:00","dateModified":"2026-04-22T12:15:21+00:00","description":"Espanya com a hub digital i l\u00edder en centres de dades: descobreix com preparar la teva infraestructura tecnol\u00f2gica despr\u00e9s del DCD>Connect Madrid 2025.","breadcrumb":{"@id":"https:\/\/inserty.com\/ca\/espanya-hub-digital-centres-dades-infraestructura-dcdconnect-madrid-2025\/#breadcrumb"},"inLanguage":"ca","potentialAction":[{"@type":"ReadAction","target":["https:\/\/inserty.com\/ca\/espanya-hub-digital-centres-dades-infraestructura-dcdconnect-madrid-2025\/"]}]},{"@type":"ImageObject","inLanguage":"ca","@id":"https:\/\/inserty.com\/ca\/espanya-hub-digital-centres-dades-infraestructura-dcdconnect-madrid-2025\/#primaryimage","url":"https:\/\/inserty.com\/wp-content\/uploads\/2025\/06\/WhatsApp-Image-2025-06-03-at-11.22.08-1.jpeg","contentUrl":"https:\/\/inserty.com\/wp-content\/uploads\/2025\/06\/WhatsApp-Image-2025-06-03-at-11.22.08-1.jpeg","width":2048,"height":1536,"caption":"Audiencia en DCD>Connect Madrid 2025 sobre centros de datos e infraestructura tecnol\u00f3gica"},{"@type":"BreadcrumbList","@id":"https:\/\/inserty.com\/ca\/espanya-hub-digital-centres-dades-infraestructura-dcdconnect-madrid-2025\/#breadcrumb","itemListElement":[{"@type":"ListItem","position":1,"name":"Portada","item":"https:\/\/inserty.com\/ca\/"},{"@type":"ListItem","position":2,"name":"Espanya com a Hub Digital: el que tota empresa ha de saber despr\u00e9s del DCD > Connect Madrid 2025"}]},{"@type":"WebSite","@id":"https:\/\/inserty.com\/#website","url":"https:\/\/inserty.com\/","name":"Inserty","description":"","publisher":{"@id":"https:\/\/inserty.com\/#organization"},"potentialAction":[{"@type":"SearchAction","target":{"@type":"EntryPoint","urlTemplate":"https:\/\/inserty.com\/?s={search_term_string}"},"query-input":{"@type":"PropertyValueSpecification","valueRequired":true,"valueName":"search_term_string"}}],"inLanguage":"ca"},{"@type":"Organization","@id":"https:\/\/inserty.com\/#organization","name":"Inserty","url":"https:\/\/inserty.com\/","logo":{"@type":"ImageObject","inLanguage":"ca","@id":"https:\/\/inserty.com\/#\/schema\/logo\/image\/","url":"https:\/\/inserty.com\/wp-content\/uploads\/2023\/12\/dbb395e042349065a7ee595fa4332c0ef839dd08.png","contentUrl":"https:\/\/inserty.com\/wp-content\/uploads\/2023\/12\/dbb395e042349065a7ee595fa4332c0ef839dd08.png","width":2048,"height":621,"caption":"Inserty"},"image":{"@id":"https:\/\/inserty.com\/#\/schema\/logo\/image\/"}},{"@type":"Person","@id":"https:\/\/inserty.com\/#\/schema\/person\/dc9e22f4a82ab861ebdabddc32ff4b4b","name":"Inserty","image":{"@type":"ImageObject","inLanguage":"ca","@id":"https:\/\/secure.gravatar.com\/avatar\/9b6bbf282cf7239a9dea138f2f17da6b286c836f1c30842a7862b9fc1cde0314?s=96&d=mm&r=g","url":"https:\/\/secure.gravatar.com\/avatar\/9b6bbf282cf7239a9dea138f2f17da6b286c836f1c30842a7862b9fc1cde0314?s=96&d=mm&r=g","contentUrl":"https:\/\/secure.gravatar.com\/avatar\/9b6bbf282cf7239a9dea138f2f17da6b286c836f1c30842a7862b9fc1cde0314?s=96&d=mm&r=g","caption":"Inserty"},"url":"https:\/\/inserty.com\/ca\/author\/inserty\/"}]}},"_links":{"self":[{"href":"https:\/\/inserty.com\/ca\/wp-json\/wp\/v2\/posts\/8801","targetHints":{"allow":["GET"]}}],"collection":[{"href":"https:\/\/inserty.com\/ca\/wp-json\/wp\/v2\/posts"}],"about":[{"href":"https:\/\/inserty.com\/ca\/wp-json\/wp\/v2\/types\/post"}],"author":[{"embeddable":true,"href":"https:\/\/inserty.com\/ca\/wp-json\/wp\/v2\/users\/3"}],"replies":[{"embeddable":true,"href":"https:\/\/inserty.com\/ca\/wp-json\/wp\/v2\/comments?post=8801"}],"version-history":[{"count":8,"href":"https:\/\/inserty.com\/ca\/wp-json\/wp\/v2\/posts\/8801\/revisions"}],"predecessor-version":[{"id":11316,"href":"https:\/\/inserty.com\/ca\/wp-json\/wp\/v2\/posts\/8801\/revisions\/11316"}],"wp:featuredmedia":[{"embeddable":true,"href":"https:\/\/inserty.com\/ca\/wp-json\/wp\/v2\/media\/8786"}],"wp:attachment":[{"href":"https:\/\/inserty.com\/ca\/wp-json\/wp\/v2\/media?parent=8801"}],"wp:term":[{"taxonomy":"category","embeddable":true,"href":"https:\/\/inserty.com\/ca\/wp-json\/wp\/v2\/categories?post=8801"},{"taxonomy":"post_tag","embeddable":true,"href":"https:\/\/inserty.com\/ca\/wp-json\/wp\/v2\/tags?post=8801"}],"curies":[{"name":"wp","href":"https:\/\/api.w.org\/{rel}","templated":true}]}}